{"id":1712,"date":"2018-01-17T22:48:36","date_gmt":"2018-01-17T20:48:36","guid":{"rendered":"http:\/\/societe-histoire-rixheim.fr\/wordpress\/?p=1712"},"modified":"2018-01-19T19:06:58","modified_gmt":"2018-01-19T17:06:58","slug":"notre-excursion-2017-a-haguenau-1ere-partie-le-musee-du-bagage","status":"publish","type":"post","link":"http:\/\/societe-histoire-rixheim.fr\/?p=1712","title":{"rendered":"NOTRE EXCURSION 2017 A HAGUENAU, 1\u00e8re PARTIE : LE MUSEE DU BAGAGE"},"content":{"rendered":"<p style=\"text-align: justify;\">Le 14 mai 2017, jour de la F\u00eate de Sainte Jeanne d&rsquo;Arc et de la passation de pouvoir entre Fran\u00e7ois Hollande et Emmanuel Macron, eut lieu l&rsquo;excursion annuelle de la Soci\u00e9t\u00e9 d&rsquo;Histoire de Rixheim. Pour cette \u00e9dition 2017, Christian Thoma, pr\u00e9sident de la SHR, avait inscrit au programme la visite de la cit\u00e9 de Haguenau, une petite ville au riche patrimoine.<\/p>\n<p style=\"text-align: justify;\">Le programme de cette journ\u00e9e\u00a0commen\u00e7a par la visite du Mus\u00e9e du bagage, inaugur\u00e9 en 2014, suivi l&rsquo;apr\u00e8s-midi de la d\u00e9couverte de la richesse architecturale de Haguenau, pour se terminer par le Mus\u00e9e historique. Au d\u00e9part, 36 personnes s&rsquo;\u00e9taient inscrites mais suite \u00e0 quelques forfaits de derni\u00e8re minute, un groupe de 30 amateurs amateurs d&rsquo;histoire passa la journ\u00e9e du 14 mai 2017 \u00e0 Haguenau.<\/p>\n<div id=\"attachment_1847\" style=\"width: 517px\" class=\"wp-caption aligncenter\"><a href=\"http:\/\/societe-histoire-rixheim.fr\/wordpress\/wp-content\/uploads\/2018\/01\/IMG_2510-2.jpg\"><img aria-describedby=\"caption-attachment-1847\" decoding=\"async\" loading=\"lazy\" class=\"size-full wp-image-1847\" src=\"http:\/\/societe-histoire-rixheim.fr\/wordpress\/wp-content\/uploads\/2018\/01\/IMG_2510-2.jpg\" alt=\"Le Mus\u00e9e du bagage est install\u00e9e dans l'ancienne Banque de France de Haguenau\" width=\"507\" height=\"338\" srcset=\"http:\/\/societe-histoire-rixheim.fr\/wp-content\/uploads\/2018\/01\/IMG_2510-2.jpg 507w, http:\/\/societe-histoire-rixheim.fr\/wp-content\/uploads\/2018\/01\/IMG_2510-2-300x200.jpg 300w\" sizes=\"(max-width: 507px) 100vw, 507px\" \/><\/a><p id=\"caption-attachment-1847\" class=\"wp-caption-text\">Le Mus\u00e9e du bagage est install\u00e9 dans l&rsquo;ancienne Banque de France de Haguenau.<\/p><\/div>\n<p style=\"text-align: justify;\">Le Mus\u00e9e du bagage, cr\u00e9\u00e9 par M et Mme Rolland, fut inaugur\u00e9, le 22 avril 2016, dans les locaux de l&rsquo;ancienne Banque de France de Haguenau, ferm\u00e9e en 2001-2002. Apr\u00e8s dix ans de fermeture, cette superbe b\u00e2tisse retrouve ainsi une nouvelle vie.<\/p>\n<div id=\"attachment_1878\" style=\"width: 493px\" class=\"wp-caption aligncenter\"><a href=\"http:\/\/societe-histoire-rixheim.fr\/wordpress\/wp-content\/uploads\/2018\/01\/IMG_2506-3.jpg\"><img aria-describedby=\"caption-attachment-1878\" decoding=\"async\" loading=\"lazy\" class=\"size-full wp-image-1878\" src=\"http:\/\/societe-histoire-rixheim.fr\/wordpress\/wp-content\/uploads\/2018\/01\/IMG_2506-3.jpg\" alt=\"Les excursionnistes sur le perron du Mus\u00e9e du bagage.\" width=\"483\" height=\"322\" srcset=\"http:\/\/societe-histoire-rixheim.fr\/wp-content\/uploads\/2018\/01\/IMG_2506-3.jpg 483w, http:\/\/societe-histoire-rixheim.fr\/wp-content\/uploads\/2018\/01\/IMG_2506-3-300x200.jpg 300w\" sizes=\"(max-width: 483px) 100vw, 483px\" \/><\/a><p id=\"caption-attachment-1878\" class=\"wp-caption-text\">Les excursionnistes sur le perron du Mus\u00e9e du bagage.<\/p><\/div>\n<div id=\"attachment_1853\" style=\"width: 557px\" class=\"wp-caption aligncenter\"><a href=\"http:\/\/societe-histoire-rixheim.fr\/wordpress\/wp-content\/uploads\/2018\/01\/IMG_2438-2.jpg\"><img aria-describedby=\"caption-attachment-1853\" decoding=\"async\" loading=\"lazy\" class=\"size-full wp-image-1853\" src=\"http:\/\/societe-histoire-rixheim.fr\/wordpress\/wp-content\/uploads\/2018\/01\/IMG_2438-2.jpg\" alt=\"Dans le hall de l'ancienne Banque de France, avec ses portes de s\u00e9curit\u00e9.\" width=\"547\" height=\"365\" srcset=\"http:\/\/societe-histoire-rixheim.fr\/wp-content\/uploads\/2018\/01\/IMG_2438-2.jpg 547w, http:\/\/societe-histoire-rixheim.fr\/wp-content\/uploads\/2018\/01\/IMG_2438-2-300x200.jpg 300w\" sizes=\"(max-width: 547px) 100vw, 547px\" \/><\/a><p id=\"caption-attachment-1853\" class=\"wp-caption-text\">Dans le hall de l&rsquo;ancienne Banque de France, avec ses portes de s\u00e9curit\u00e9.<\/p><\/div>\n<div id=\"attachment_1851\" style=\"width: 489px\" class=\"wp-caption aligncenter\"><a href=\"http:\/\/societe-histoire-rixheim.fr\/wordpress\/wp-content\/uploads\/2018\/01\/IMG_2436-2.jpg\"><img aria-describedby=\"caption-attachment-1851\" decoding=\"async\" loading=\"lazy\" class=\"size-full wp-image-1851\" src=\"http:\/\/societe-histoire-rixheim.fr\/wordpress\/wp-content\/uploads\/2018\/01\/IMG_2436-2.jpg\" alt=\"Une collection d'accessoires, n\u00e9cessaires au malletier lors de la fabrication des bagages et valises. Ces accessoires en laiton et en cuir composent &quot;la bijouterie&quot; du bagage. Les pi\u00e8ces de droite, plus imposantes, \u00e9taient utilis\u00e9es par les malletiers am\u00e9ricains, les pi\u00e8ces europ\u00e9ennes, \u00e0 gauche, \u00e9tant plus discr\u00e8tes.\" width=\"479\" height=\"345\" srcset=\"http:\/\/societe-histoire-rixheim.fr\/wp-content\/uploads\/2018\/01\/IMG_2436-2.jpg 479w, http:\/\/societe-histoire-rixheim.fr\/wp-content\/uploads\/2018\/01\/IMG_2436-2-300x216.jpg 300w\" sizes=\"(max-width: 479px) 100vw, 479px\" \/><\/a><p id=\"caption-attachment-1851\" class=\"wp-caption-text\">Une collection d&rsquo;accessoires, n\u00e9cessaires au malletier lors de la fabrication des bagages et valises. Ces accessoires en laiton et en cuir composent \u00ab\u00a0la bijouterie\u00a0\u00bb du bagage. Les pi\u00e8ces de droite, plus imposantes, \u00e9taient utilis\u00e9es par les malletiers am\u00e9ricains, les pi\u00e8ces europ\u00e9ennes, \u00e0 gauche, \u00e9tant plus discr\u00e8tes.<\/p><\/div>\n<div id=\"attachment_1877\" style=\"width: 514px\" class=\"wp-caption aligncenter\"><a href=\"http:\/\/societe-histoire-rixheim.fr\/wordpress\/wp-content\/uploads\/2018\/01\/IMG_2503-1.jpg\"><img aria-describedby=\"caption-attachment-1877\" decoding=\"async\" loading=\"lazy\" class=\"size-full wp-image-1877\" src=\"http:\/\/societe-histoire-rixheim.fr\/wordpress\/wp-content\/uploads\/2018\/01\/IMG_2503-1.jpg\" alt=\"Le groupe des 30 excursionnistes, dans le hall, devant une montgolfi\u00e8re, \u00e9voquant les voyages du XIX si\u00e8cle.\" width=\"504\" height=\"347\" srcset=\"http:\/\/societe-histoire-rixheim.fr\/wp-content\/uploads\/2018\/01\/IMG_2503-1.jpg 504w, http:\/\/societe-histoire-rixheim.fr\/wp-content\/uploads\/2018\/01\/IMG_2503-1-300x207.jpg 300w\" sizes=\"(max-width: 504px) 100vw, 504px\" \/><\/a><p id=\"caption-attachment-1877\" class=\"wp-caption-text\">Le groupe des 30 excursionnistes, dans le hall, devant une montgolfi\u00e8re, \u00e9voquant les voyages du XIX si\u00e8cle.<\/p><\/div>\n<div id=\"attachment_1867\" style=\"width: 557px\" class=\"wp-caption aligncenter\"><a href=\"http:\/\/societe-histoire-rixheim.fr\/wordpress\/wp-content\/uploads\/2018\/01\/IMG_2477-2.jpg\"><img aria-describedby=\"caption-attachment-1867\" decoding=\"async\" loading=\"lazy\" class=\"size-full wp-image-1867\" src=\"http:\/\/societe-histoire-rixheim.fr\/wordpress\/wp-content\/uploads\/2018\/01\/IMG_2477-2.jpg\" alt=\"Pr\u00eats pour le d\u00e9part.\" width=\"547\" height=\"365\" srcset=\"http:\/\/societe-histoire-rixheim.fr\/wp-content\/uploads\/2018\/01\/IMG_2477-2.jpg 547w, http:\/\/societe-histoire-rixheim.fr\/wp-content\/uploads\/2018\/01\/IMG_2477-2-300x200.jpg 300w\" sizes=\"(max-width: 547px) 100vw, 547px\" \/><\/a><p id=\"caption-attachment-1867\" class=\"wp-caption-text\">Pr\u00eats pour le d\u00e9part.<\/p><\/div>\n<p style=\"text-align: center;\">La visite s&rsquo;est faite en deux groupes en compagnie de guides passionn\u00e9s et comp\u00e9tents qui nous ont fait d\u00e9couvrir une multitude de bagages, fabriqu\u00e9s par des maisons presigieuses comme les malletiers Goyard (maison parisienne n\u00e9e en 1853, lorsque Fran\u00e7ois Goyard reprend l&rsquo;entreprise Morel o\u00f9 il \u00e9tait apprenti), Moynat ( fond\u00e9e en 1849) ou Louis Vuitton qui lan\u00e7a sa production en 1854. Alors que le coffre, sans poign\u00e9es, sert au rangement \u00e0 la maison, les malles, avec poign\u00e9es, sont des bagages de voyages : d&rsquo;abord bomb\u00e9es au temps des diligences, enduites d&rsquo;huile de lin, pour se prot\u00e9ger de la pluie, les malles deviennent plates, apr\u00e8s 1850, pour \u00eatre facilement empil\u00e9es dans les trains et les bateaux.<\/p>\n<div id=\"attachment_1852\" style=\"width: 557px\" class=\"wp-caption aligncenter\"><a href=\"http:\/\/societe-histoire-rixheim.fr\/wordpress\/wp-content\/uploads\/2018\/01\/IMG_2437-2.jpg\"><img aria-describedby=\"caption-attachment-1852\" decoding=\"async\" loading=\"lazy\" class=\"size-full wp-image-1852\" src=\"http:\/\/societe-histoire-rixheim.fr\/wordpress\/wp-content\/uploads\/2018\/01\/IMG_2437-2.jpg\" alt=\"Un des guides en pleine explication, devant des bagages bien originaux.\" width=\"547\" height=\"365\" srcset=\"http:\/\/societe-histoire-rixheim.fr\/wp-content\/uploads\/2018\/01\/IMG_2437-2.jpg 547w, http:\/\/societe-histoire-rixheim.fr\/wp-content\/uploads\/2018\/01\/IMG_2437-2-300x200.jpg 300w\" sizes=\"(max-width: 547px) 100vw, 547px\" \/><\/a><p id=\"caption-attachment-1852\" class=\"wp-caption-text\">Un des guides en pleine explication, devant des bagages bien originaux.<\/p><\/div>\n<div id=\"attachment_1850\" style=\"width: 411px\" class=\"wp-caption aligncenter\"><a href=\"http:\/\/societe-histoire-rixheim.fr\/wordpress\/wp-content\/uploads\/2018\/01\/IMG_2434-1.jpg\"><img aria-describedby=\"caption-attachment-1850\" decoding=\"async\" loading=\"lazy\" class=\"size-full wp-image-1850\" src=\"http:\/\/societe-histoire-rixheim.fr\/wordpress\/wp-content\/uploads\/2018\/01\/IMG_2434-1.jpg\" alt=\"Un n\u00e9cessaire \u00e0 gigot de marque &quot;Old England&quot; de 1901.\" width=\"401\" height=\"354\" srcset=\"http:\/\/societe-histoire-rixheim.fr\/wp-content\/uploads\/2018\/01\/IMG_2434-1.jpg 401w, http:\/\/societe-histoire-rixheim.fr\/wp-content\/uploads\/2018\/01\/IMG_2434-1-300x265.jpg 300w\" sizes=\"(max-width: 401px) 100vw, 401px\" \/><\/a><p id=\"caption-attachment-1850\" class=\"wp-caption-text\">Un n\u00e9cessaire \u00e0 gigot de marque \u00ab\u00a0Old England\u00a0\u00bb de 1901.<\/p><\/div>\n<div id=\"attachment_1856\" style=\"width: 482px\" class=\"wp-caption aligncenter\"><a href=\"http:\/\/societe-histoire-rixheim.fr\/wordpress\/wp-content\/uploads\/2018\/01\/IMG_2442-2.jpg\"><img aria-describedby=\"caption-attachment-1856\" decoding=\"async\" loading=\"lazy\" class=\"size-full wp-image-1856\" src=\"http:\/\/societe-histoire-rixheim.fr\/wordpress\/wp-content\/uploads\/2018\/01\/IMG_2442-2.jpg\" alt=\"Un coffre de mariage, alsacien du XVIII si\u00e8cle, en bois polychrome\" width=\"472\" height=\"277\" srcset=\"http:\/\/societe-histoire-rixheim.fr\/wp-content\/uploads\/2018\/01\/IMG_2442-2.jpg 472w, http:\/\/societe-histoire-rixheim.fr\/wp-content\/uploads\/2018\/01\/IMG_2442-2-300x176.jpg 300w\" sizes=\"(max-width: 472px) 100vw, 472px\" \/><\/a><p id=\"caption-attachment-1856\" class=\"wp-caption-text\">Un coffre de mariage, alsacien du XVIII si\u00e8cle, en bois polychrome<\/p><\/div>\n<div id=\"attachment_1861\" style=\"width: 328px\" class=\"wp-caption aligncenter\"><a href=\"http:\/\/societe-histoire-rixheim.fr\/wordpress\/wp-content\/uploads\/2018\/01\/IMG_2456-2.jpg\"><img aria-describedby=\"caption-attachment-1861\" decoding=\"async\" loading=\"lazy\" class=\"size-full wp-image-1861\" src=\"http:\/\/societe-histoire-rixheim.fr\/wordpress\/wp-content\/uploads\/2018\/01\/IMG_2456-2.jpg\" alt=\"Un sac de diligence de 1830 (toile s\u00e8che-laiton-cuir)\" width=\"318\" height=\"291\" srcset=\"http:\/\/societe-histoire-rixheim.fr\/wp-content\/uploads\/2018\/01\/IMG_2456-2.jpg 318w, http:\/\/societe-histoire-rixheim.fr\/wp-content\/uploads\/2018\/01\/IMG_2456-2-300x275.jpg 300w\" sizes=\"(max-width: 318px) 100vw, 318px\" \/><\/a><p id=\"caption-attachment-1861\" class=\"wp-caption-text\">Un sac de diligence de 1830 (toile s\u00e8che-laiton-cuir)<\/p><\/div>\n<div id=\"attachment_1855\" style=\"width: 557px\" class=\"wp-caption aligncenter\"><a href=\"http:\/\/societe-histoire-rixheim.fr\/wordpress\/wp-content\/uploads\/2018\/01\/IMG_2441-2.jpg\"><img aria-describedby=\"caption-attachment-1855\" decoding=\"async\" loading=\"lazy\" class=\"size-full wp-image-1855\" src=\"http:\/\/societe-histoire-rixheim.fr\/wordpress\/wp-content\/uploads\/2018\/01\/IMG_2441-2.jpg\" alt=\"Une malle automobile de 1910 : con\u00e7ue par le malletier Goyard et le carrossier Rheims et Aucher, le fond de la malle est l\u00e9g\u00e8rement bomb\u00e9 pour \u00e9pouser le toit de l'automobile.\" width=\"547\" height=\"278\" srcset=\"http:\/\/societe-histoire-rixheim.fr\/wp-content\/uploads\/2018\/01\/IMG_2441-2.jpg 547w, http:\/\/societe-histoire-rixheim.fr\/wp-content\/uploads\/2018\/01\/IMG_2441-2-300x152.jpg 300w\" sizes=\"(max-width: 547px) 100vw, 547px\" \/><\/a><p id=\"caption-attachment-1855\" class=\"wp-caption-text\">Une malle automobile de 1910 : con\u00e7ue par le malletier Goyard et le carrossier Rheims et Aucher, le fond de la malle est l\u00e9g\u00e8rement bomb\u00e9 pour \u00e9pouser le toit de l&rsquo;automobile.<\/p><\/div>\n<div id=\"attachment_1854\" style=\"width: 451px\" class=\"wp-caption aligncenter\"><a href=\"http:\/\/societe-histoire-rixheim.fr\/wordpress\/wp-content\/uploads\/2018\/01\/IMG_2440-2.jpg\"><img aria-describedby=\"caption-attachment-1854\" decoding=\"async\" loading=\"lazy\" class=\"size-full wp-image-1854\" src=\"http:\/\/societe-histoire-rixheim.fr\/wordpress\/wp-content\/uploads\/2018\/01\/IMG_2440-2.jpg\" alt=\"A droite, un sac de voyage de la maison Moynat, de 1910, en cuir et laiton, et \u00e0 gauche un sac \u00e0 linge, de 1850, en cuir et lin.\" width=\"441\" height=\"314\" srcset=\"http:\/\/societe-histoire-rixheim.fr\/wp-content\/uploads\/2018\/01\/IMG_2440-2.jpg 441w, http:\/\/societe-histoire-rixheim.fr\/wp-content\/uploads\/2018\/01\/IMG_2440-2-300x214.jpg 300w\" sizes=\"(max-width: 441px) 100vw, 441px\" \/><\/a><p id=\"caption-attachment-1854\" class=\"wp-caption-text\">A droite, un sac de voyage de la maison Moynat, de 1910, en cuir et laiton, et \u00e0 gauche un sac \u00e0 linge, de 1850, en cuir et lin.<\/p><\/div>\n<div id=\"attachment_1858\" style=\"width: 382px\" class=\"wp-caption aligncenter\"><a href=\"http:\/\/societe-histoire-rixheim.fr\/wordpress\/wp-content\/uploads\/2018\/01\/IMG_2449-2.jpg\"><img aria-describedby=\"caption-attachment-1858\" decoding=\"async\" loading=\"lazy\" class=\"size-full wp-image-1858\" src=\"http:\/\/societe-histoire-rixheim.fr\/wordpress\/wp-content\/uploads\/2018\/01\/IMG_2449-2.jpg\" alt=\"Un coffret, en bois, pour chapeau bicorne (vers 1900).\" width=\"372\" height=\"314\" srcset=\"http:\/\/societe-histoire-rixheim.fr\/wp-content\/uploads\/2018\/01\/IMG_2449-2.jpg 372w, http:\/\/societe-histoire-rixheim.fr\/wp-content\/uploads\/2018\/01\/IMG_2449-2-300x253.jpg 300w\" sizes=\"(max-width: 372px) 100vw, 372px\" \/><\/a><p id=\"caption-attachment-1858\" class=\"wp-caption-text\">Un coffret, en bois, pour chapeau bicorne (vers 1900).<\/p><\/div>\n<div id=\"attachment_1859\" style=\"width: 462px\" class=\"wp-caption aligncenter\"><a href=\"http:\/\/societe-histoire-rixheim.fr\/wordpress\/wp-content\/uploads\/2018\/01\/IMG_2450-2.jpg\"><img aria-describedby=\"caption-attachment-1859\" decoding=\"async\" loading=\"lazy\" class=\"size-full wp-image-1859\" src=\"http:\/\/societe-histoire-rixheim.fr\/wordpress\/wp-content\/uploads\/2018\/01\/IMG_2450-2.jpg\" alt=\"Un carton \u00e0 chapeau claque.\" width=\"452\" height=\"271\" srcset=\"http:\/\/societe-histoire-rixheim.fr\/wp-content\/uploads\/2018\/01\/IMG_2450-2.jpg 452w, http:\/\/societe-histoire-rixheim.fr\/wp-content\/uploads\/2018\/01\/IMG_2450-2-300x180.jpg 300w\" sizes=\"(max-width: 452px) 100vw, 452px\" \/><\/a><p id=\"caption-attachment-1859\" class=\"wp-caption-text\">Un carton \u00e0 chapeau claque.<\/p><\/div>\n<div id=\"attachment_1860\" style=\"width: 557px\" class=\"wp-caption aligncenter\"><a href=\"http:\/\/societe-histoire-rixheim.fr\/wordpress\/wp-content\/uploads\/2018\/01\/IMG_2451-2.jpg\"><img aria-describedby=\"caption-attachment-1860\" decoding=\"async\" loading=\"lazy\" class=\"size-full wp-image-1860\" src=\"http:\/\/societe-histoire-rixheim.fr\/wordpress\/wp-content\/uploads\/2018\/01\/IMG_2451-2.jpg\" alt=\"Une malle \u00e0 chapeau haut-de-forme, vers 1870 (en cuir et laiton).\" width=\"547\" height=\"314\" srcset=\"http:\/\/societe-histoire-rixheim.fr\/wp-content\/uploads\/2018\/01\/IMG_2451-2.jpg 547w, http:\/\/societe-histoire-rixheim.fr\/wp-content\/uploads\/2018\/01\/IMG_2451-2-300x172.jpg 300w\" sizes=\"(max-width: 547px) 100vw, 547px\" \/><\/a><p id=\"caption-attachment-1860\" class=\"wp-caption-text\">Une malle \u00e0 chapeau haut-de-forme, vers 1870 (en cuir et laiton).<\/p><\/div>\n<div id=\"attachment_1864\" style=\"width: 339px\" class=\"wp-caption aligncenter\"><a href=\"http:\/\/societe-histoire-rixheim.fr\/wordpress\/wp-content\/uploads\/2018\/01\/IMG_2468-2.jpg\"><img aria-describedby=\"caption-attachment-1864\" decoding=\"async\" loading=\"lazy\" class=\"size-full wp-image-1864\" src=\"http:\/\/societe-histoire-rixheim.fr\/wordpress\/wp-content\/uploads\/2018\/01\/IMG_2468-2.jpg\" alt=\"Une bo\u00eete \u00e0 col de chemise (vers 1900).\" width=\"329\" height=\"412\" srcset=\"http:\/\/societe-histoire-rixheim.fr\/wp-content\/uploads\/2018\/01\/IMG_2468-2.jpg 329w, http:\/\/societe-histoire-rixheim.fr\/wp-content\/uploads\/2018\/01\/IMG_2468-2-240x300.jpg 240w\" sizes=\"(max-width: 329px) 100vw, 329px\" \/><\/a><p id=\"caption-attachment-1864\" class=\"wp-caption-text\">Une bo\u00eete \u00e0 col de chemise (vers 1900).<\/p><\/div>\n<div id=\"attachment_1875\" style=\"width: 318px\" class=\"wp-caption aligncenter\"><a href=\"http:\/\/societe-histoire-rixheim.fr\/wordpress\/wp-content\/uploads\/2018\/01\/IMG_2499-2.jpg\"><img aria-describedby=\"caption-attachment-1875\" decoding=\"async\" loading=\"lazy\" class=\"size-full wp-image-1875\" src=\"http:\/\/societe-histoire-rixheim.fr\/wordpress\/wp-content\/uploads\/2018\/01\/IMG_2499-2.jpg\" alt=\"Le deuxi\u00e8me groupe \u00e0 l'\u00e9coute des explications de la guide.\" width=\"308\" height=\"293\" srcset=\"http:\/\/societe-histoire-rixheim.fr\/wp-content\/uploads\/2018\/01\/IMG_2499-2.jpg 308w, http:\/\/societe-histoire-rixheim.fr\/wp-content\/uploads\/2018\/01\/IMG_2499-2-300x285.jpg 300w\" sizes=\"(max-width: 308px) 100vw, 308px\" \/><\/a><p id=\"caption-attachment-1875\" class=\"wp-caption-text\">Le deuxi\u00e8me groupe \u00e0 l&rsquo;\u00e9coute des explications de la guide.<\/p><\/div>\n<div id=\"attachment_1863\" style=\"width: 350px\" class=\"wp-caption aligncenter\"><a href=\"http:\/\/societe-histoire-rixheim.fr\/wordpress\/wp-content\/uploads\/2018\/01\/IMG_2462-2.jpg\"><img aria-describedby=\"caption-attachment-1863\" decoding=\"async\" loading=\"lazy\" class=\"size-full wp-image-1863\" src=\"http:\/\/societe-histoire-rixheim.fr\/wordpress\/wp-content\/uploads\/2018\/01\/IMG_2462-2.jpg\" alt=\"Deux malles bomb\u00e9es et une malle plate, toutes de fabrication am\u00e9ricaine, en m\u00e9tal emboss\u00e9, bois et cuir.\" width=\"340\" height=\"275\" srcset=\"http:\/\/societe-histoire-rixheim.fr\/wp-content\/uploads\/2018\/01\/IMG_2462-2.jpg 340w, http:\/\/societe-histoire-rixheim.fr\/wp-content\/uploads\/2018\/01\/IMG_2462-2-300x243.jpg 300w\" sizes=\"(max-width: 340px) 100vw, 340px\" \/><\/a><p id=\"caption-attachment-1863\" class=\"wp-caption-text\">Deux malles bomb\u00e9es et une malle plate, toutes de fabrication am\u00e9ricaine, en m\u00e9tal emboss\u00e9, bois et cuir.<\/p><\/div>\n<div id=\"attachment_1857\" style=\"width: 344px\" class=\"wp-caption aligncenter\"><a href=\"http:\/\/societe-histoire-rixheim.fr\/wordpress\/wp-content\/uploads\/2018\/01\/IMG_2446-2.jpg\"><img aria-describedby=\"caption-attachment-1857\" decoding=\"async\" loading=\"lazy\" class=\"size-full wp-image-1857\" src=\"http:\/\/societe-histoire-rixheim.fr\/wordpress\/wp-content\/uploads\/2018\/01\/IMG_2446-2.jpg\" alt=\"Une malle armoire de la marque am\u00e9ricaine Innovation, vers 1900. Cette maison mit au point, vers 1895, les premi\u00e8res wardrobes, avec un \u00e9ventail de cintres, permettant le transport de v\u00eatements dans les meilleures conditions.\" width=\"334\" height=\"404\" srcset=\"http:\/\/societe-histoire-rixheim.fr\/wp-content\/uploads\/2018\/01\/IMG_2446-2.jpg 334w, http:\/\/societe-histoire-rixheim.fr\/wp-content\/uploads\/2018\/01\/IMG_2446-2-248x300.jpg 248w\" sizes=\"(max-width: 334px) 100vw, 334px\" \/><\/a><p id=\"caption-attachment-1857\" class=\"wp-caption-text\">Une malle armoire de la marque am\u00e9ricaine Innovation, vers 1900. Cette maison mit au point, vers 1895, les premi\u00e8res wardrobes, avec un \u00e9ventail de cintres, permettant le transport de v\u00eatements dans les meilleures conditions.<\/p><\/div>\n<div id=\"attachment_1871\" style=\"width: 353px\" class=\"wp-caption aligncenter\"><a href=\"http:\/\/societe-histoire-rixheim.fr\/wordpress\/wp-content\/uploads\/2018\/01\/IMG_2490-2.jpg\"><img aria-describedby=\"caption-attachment-1871\" decoding=\"async\" loading=\"lazy\" class=\"size-full wp-image-1871\" src=\"http:\/\/societe-histoire-rixheim.fr\/wordpress\/wp-content\/uploads\/2018\/01\/IMG_2490-2.jpg\" alt=\"Un secr\u00e9taire \u00e0 chaussures &quot;Lily Pons&quot; de la maison Louis Vuitton. Ce bagage fut command\u00e9 \u00e0 la prestigieuse maison parisienne par la cantatrice Lily Pons ( 1898- 1976). Elle souhaitait pouvoir se d\u00e9placer en emportant une trentaine de paires de chaussures.\" width=\"343\" height=\"496\" srcset=\"http:\/\/societe-histoire-rixheim.fr\/wp-content\/uploads\/2018\/01\/IMG_2490-2.jpg 343w, http:\/\/societe-histoire-rixheim.fr\/wp-content\/uploads\/2018\/01\/IMG_2490-2-207x300.jpg 207w\" sizes=\"(max-width: 343px) 100vw, 343px\" \/><\/a><p id=\"caption-attachment-1871\" class=\"wp-caption-text\">Un secr\u00e9taire \u00e0 chaussures \u00ab\u00a0Lily Pons\u00a0\u00bb de la maison Louis Vuitton. Ce bagage fut command\u00e9 \u00e0 la prestigieuse maison parisienne par la cantatrice Lily Pons ( 1898- 1976). Elle souhaitait pouvoir se d\u00e9placer en emportant une trentaine de paires de chaussures.<\/p><\/div>\n<div id=\"attachment_1874\" style=\"width: 313px\" class=\"wp-caption aligncenter\"><a href=\"http:\/\/societe-histoire-rixheim.fr\/wordpress\/wp-content\/uploads\/2018\/01\/IMG_2495-2.jpg\"><img aria-describedby=\"caption-attachment-1874\" decoding=\"async\" loading=\"lazy\" class=\"size-full wp-image-1874\" src=\"http:\/\/societe-histoire-rixheim.fr\/wordpress\/wp-content\/uploads\/2018\/01\/IMG_2495-2.jpg\" alt=\"Le dessus du secr\u00e9taire \u00e0 chaussures &quot;Lily Pons&quot; : on remarque la toile monogramm\u00e9e &quot;LV&quot;, que Georges Louis Vuitton (1857-1936) fit breveter en 1905. Ce monogramme , utilis\u00e9 pour le premi\u00e8re fois en 1896, et toujours en vigueur, permit \u00e0 la maison Louis Vuitton de se diff\u00e9rencier des autres malletiers. Avant cette date, le malletier Vuitton \u00e9tait pass\u00e9 de la toile grise \u00e0 la toile ray\u00e9e, puis aux damiers. Ce bagage porte aussi la bande d'\u00e9curie de sa propri\u00e9taire, la baronne von Klitzing-Baud. Ces bandeaux de couleur, bas\u00e9s sur ceux de l'\u00e9cusson familial, permettaient au personnel de facilement identifier les nombreux bagages de ces riches voyageurs.\" width=\"303\" height=\"508\" srcset=\"http:\/\/societe-histoire-rixheim.fr\/wp-content\/uploads\/2018\/01\/IMG_2495-2.jpg 303w, http:\/\/societe-histoire-rixheim.fr\/wp-content\/uploads\/2018\/01\/IMG_2495-2-179x300.jpg 179w\" sizes=\"(max-width: 303px) 100vw, 303px\" \/><\/a><p id=\"caption-attachment-1874\" class=\"wp-caption-text\">Le dessus du secr\u00e9taire \u00e0 chaussures \u00ab\u00a0Lily Pons\u00a0\u00bb : on remarque la toile monogramm\u00e9e \u00ab\u00a0LV\u00a0\u00bb, que Georges Louis Vuitton (1857-1936) fit breveter en 1905. Ce monogramme , utilis\u00e9 pour le premi\u00e8re fois en 1896, et toujours en vigueur, permit \u00e0 la maison Louis Vuitton de se diff\u00e9rencier des autres malletiers. Avant cette date, le malletier Vuitton \u00e9tait pass\u00e9 de la toile grise \u00e0 la toile ray\u00e9e, puis aux damiers.<br \/>Ce bagage porte aussi la bande d&rsquo;\u00e9curie de sa propri\u00e9taire, la baronne von Klitzing-Baud. Ces bandeaux de couleur, bas\u00e9s sur ceux de l&rsquo;\u00e9cusson familial, permettaient au personnel de facilement identifier les nombreux bagages de ces riches voyageurs.<\/p><\/div>\n<div id=\"attachment_1873\" style=\"width: 257px\" class=\"wp-caption aligncenter\"><a href=\"http:\/\/societe-histoire-rixheim.fr\/wordpress\/wp-content\/uploads\/2018\/01\/IMG_2493-2-e1516365625994.jpg\"><img aria-describedby=\"caption-attachment-1873\" decoding=\"async\" loading=\"lazy\" class=\"size-full wp-image-1873\" src=\"http:\/\/societe-histoire-rixheim.fr\/wordpress\/wp-content\/uploads\/2018\/01\/IMG_2493-2-e1516365625994.jpg\" alt=\"Une malle plate de 1900 de la maison Moynat avec sa publicit\u00e9 : &quot;Le bagage Moynat ne craint rien, il se d\u00e9fend et r\u00e9siste bien, parce qu'il est solide&quot;. Ces bagages \u00e9taient garantis 5 ans. A l'arri\u00e8re, une malle pour violoncelle et pour contrebasse.\" width=\"247\" height=\"474\" srcset=\"http:\/\/societe-histoire-rixheim.fr\/wp-content\/uploads\/2018\/01\/IMG_2493-2-e1516365625994.jpg 247w, http:\/\/societe-histoire-rixheim.fr\/wp-content\/uploads\/2018\/01\/IMG_2493-2-e1516365625994-156x300.jpg 156w\" sizes=\"(max-width: 247px) 100vw, 247px\" \/><\/a><p id=\"caption-attachment-1873\" class=\"wp-caption-text\">Une malle plate de 1900 de la maison Moynat avec sa publicit\u00e9 : \u00ab\u00a0Le bagage Moynat ne craint rien, il se d\u00e9fend et r\u00e9siste bien, parce qu&rsquo;il est solide\u00a0\u00bb. Ces bagages \u00e9taient garantis 5 ans.<br \/>A l&rsquo;arri\u00e8re, une malle pour violoncelle et pour contrebasse.<\/p><\/div>\n<div id=\"attachment_1868\" style=\"width: 457px\" class=\"wp-caption aligncenter\"><a href=\"http:\/\/societe-histoire-rixheim.fr\/wordpress\/wp-content\/uploads\/2018\/01\/IMG_2478-2.jpg\"><img aria-describedby=\"caption-attachment-1868\" decoding=\"async\" loading=\"lazy\" class=\"size-full wp-image-1868\" src=\"http:\/\/societe-histoire-rixheim.fr\/wordpress\/wp-content\/uploads\/2018\/01\/IMG_2478-2.jpg\" alt=\"Une malle-lit, Louis Vuitton, de 1868. Il s'agit du mod\u00e8le civil, con\u00e7u pour les explorateurs. Un bagage de ce type fut command\u00e9 \u00e0 Louis Vuitton, en 1901, par l'explorateur Pierre Savorgnan de Brazza. Il existait aussi une version militaire de cette malle-lit, plus petite et sans appui-t\u00eate ni pied de lit.\" width=\"447\" height=\"336\" srcset=\"http:\/\/societe-histoire-rixheim.fr\/wp-content\/uploads\/2018\/01\/IMG_2478-2.jpg 447w, http:\/\/societe-histoire-rixheim.fr\/wp-content\/uploads\/2018\/01\/IMG_2478-2-300x226.jpg 300w\" sizes=\"(max-width: 447px) 100vw, 447px\" \/><\/a><p id=\"caption-attachment-1868\" class=\"wp-caption-text\">Une malle-lit, Louis Vuitton, de 1868. Il s&rsquo;agit du mod\u00e8le civil, con\u00e7u pour les explorateurs. Un bagage de ce type fut command\u00e9 \u00e0 Louis Vuitton, en 1901, par l&rsquo;explorateur Pierre Savorgnan de Brazza. Il existait aussi une version militaire de cette malle-lit, plus petite et sans appui-t\u00eate ni pied de lit.<\/p><\/div>\n<div id=\"attachment_1889\" style=\"width: 610px\" class=\"wp-caption aligncenter\"><a href=\"http:\/\/societe-histoire-rixheim.fr\/wordpress\/wp-content\/uploads\/2018\/01\/IMG_2479-4-e1516381515144.jpg\"><img aria-describedby=\"caption-attachment-1889\" decoding=\"async\" loading=\"lazy\" class=\"size-full wp-image-1889\" src=\"http:\/\/societe-histoire-rixheim.fr\/wordpress\/wp-content\/uploads\/2018\/01\/IMG_2479-4-e1516381515144.jpg\" alt=\"Le lit estampille\u00e9 Louis Vuitton\" width=\"600\" height=\"657\" \/><\/a><p id=\"caption-attachment-1889\" class=\"wp-caption-text\">Le lit de voyage\u00a0 estampill\u00e9 Louis Vuitton<\/p><\/div>\n<div id=\"attachment_1870\" style=\"width: 334px\" class=\"wp-caption aligncenter\"><a href=\"http:\/\/societe-histoire-rixheim.fr\/wordpress\/wp-content\/uploads\/2018\/01\/IMG_2481-2.jpg\"><img aria-describedby=\"caption-attachment-1870\" decoding=\"async\" loading=\"lazy\" class=\"size-full wp-image-1870\" src=\"http:\/\/societe-histoire-rixheim.fr\/wordpress\/wp-content\/uploads\/2018\/01\/IMG_2481-2.jpg\" alt=\"La malle-bureau de la maison Goyard, vers 1920 : il s'agit du mod\u00e8le Arthur Conan Doyle, car un tel meuble fut command\u00e9 par l'auteur des aventures de Sherlock Holmes.\" width=\"324\" height=\"534\" srcset=\"http:\/\/societe-histoire-rixheim.fr\/wp-content\/uploads\/2018\/01\/IMG_2481-2.jpg 324w, http:\/\/societe-histoire-rixheim.fr\/wp-content\/uploads\/2018\/01\/IMG_2481-2-182x300.jpg 182w\" sizes=\"(max-width: 324px) 100vw, 324px\" \/><\/a><p id=\"caption-attachment-1870\" class=\"wp-caption-text\">La malle-bureau de la maison Goyard, vers 1920 : il s&rsquo;agit du mod\u00e8le Arthur Conan Doyle, car un tel meuble fut command\u00e9 par l&rsquo;auteur des aventures de Sherlock Holmes.<\/p><\/div>\n<div id=\"attachment_1866\" style=\"width: 375px\" class=\"wp-caption aligncenter\"><a href=\"http:\/\/societe-histoire-rixheim.fr\/wordpress\/wp-content\/uploads\/2018\/01\/IMG_2475-2.jpg\"><img aria-describedby=\"caption-attachment-1866\" decoding=\"async\" loading=\"lazy\" class=\"size-full wp-image-1866\" src=\"http:\/\/societe-histoire-rixheim.fr\/wordpress\/wp-content\/uploads\/2018\/01\/IMG_2475-2.jpg\" alt=\"Une malle biblioth\u00e8que de 1923 de Louis Vuitton.\" width=\"365\" height=\"380\" srcset=\"http:\/\/societe-histoire-rixheim.fr\/wp-content\/uploads\/2018\/01\/IMG_2475-2.jpg 365w, http:\/\/societe-histoire-rixheim.fr\/wp-content\/uploads\/2018\/01\/IMG_2475-2-288x300.jpg 288w\" sizes=\"(max-width: 365px) 100vw, 365px\" \/><\/a><p id=\"caption-attachment-1866\" class=\"wp-caption-text\">Une malle biblioth\u00e8que de 1923 de Louis Vuitton.<\/p><\/div>\n<div id=\"attachment_1862\" style=\"width: 378px\" class=\"wp-caption aligncenter\"><a href=\"http:\/\/societe-histoire-rixheim.fr\/wordpress\/wp-content\/uploads\/2018\/01\/IMG_2459-2.jpg\"><img aria-describedby=\"caption-attachment-1862\" decoding=\"async\" loading=\"lazy\" class=\"size-full wp-image-1862\" src=\"http:\/\/societe-histoire-rixheim.fr\/wordpress\/wp-content\/uploads\/2018\/01\/IMG_2459-2.jpg\" alt=\"La malle du capitaine Howard-Johnston, de la maison Goyard (vers 1940). Durant la Seconde Guerre mondiale, devenu contre-amiral, il dirigeait la division anti-sous-marine de l'amiraut\u00e9 britannique. . Sur la malle, on distingue sa bande d'\u00e9curie (de couleur verte), ses initiales ainsi que celles de la Royal Navy (RN).\" width=\"368\" height=\"293\" srcset=\"http:\/\/societe-histoire-rixheim.fr\/wp-content\/uploads\/2018\/01\/IMG_2459-2.jpg 368w, http:\/\/societe-histoire-rixheim.fr\/wp-content\/uploads\/2018\/01\/IMG_2459-2-300x239.jpg 300w\" sizes=\"(max-width: 368px) 100vw, 368px\" \/><\/a><p id=\"caption-attachment-1862\" class=\"wp-caption-text\">La malle du capitaine Howard-Johnston, de la maison Goyard (vers 1940). Durant la Seconde Guerre mondiale, devenu contre-amiral, il dirigeait la division anti-sous-marine de l&rsquo;amiraut\u00e9 britannique. . Sur la malle, on distingue sa bande d&rsquo;\u00e9curie (de couleur verte), ses initiales ainsi que celles de la Royal Navy (RN).<\/p><\/div>\n<p style=\"text-align: justify;\">Apr\u00e8s cette plong\u00e9e dans l&rsquo;univers du voyage et du bagage, le repas\u00a0 fut pris dans l&rsquo;excellent\u00a0H\u00f4tel Restaurant Les Pins, \u00e0 Haguenau. <a href=\"http:\/\/societe-histoire-rixheim.fr\/wordpress\/wp-content\/uploads\/2018\/01\/IMG_2509-2.jpg\"><img decoding=\"async\" loading=\"lazy\" class=\"aligncenter size-full wp-image-1883\" src=\"http:\/\/societe-histoire-rixheim.fr\/wordpress\/wp-content\/uploads\/2018\/01\/IMG_2509-2.jpg\" alt=\"IMG_2509\" width=\"547\" height=\"365\" srcset=\"http:\/\/societe-histoire-rixheim.fr\/wp-content\/uploads\/2018\/01\/IMG_2509-2.jpg 547w, http:\/\/societe-histoire-rixheim.fr\/wp-content\/uploads\/2018\/01\/IMG_2509-2-300x200.jpg 300w\" sizes=\"(max-width: 547px) 100vw, 547px\" \/><\/a><\/p>\n<p style=\"text-align: justify;\"><a href=\"http:\/\/societe-histoire-rixheim.fr\/wordpress\/wp-content\/uploads\/2018\/01\/IMG_2508-2.jpg\"><img decoding=\"async\" loading=\"lazy\" class=\"aligncenter size-full wp-image-1882\" src=\"http:\/\/societe-histoire-rixheim.fr\/wordpress\/wp-content\/uploads\/2018\/01\/IMG_2508-2.jpg\" alt=\"IMG_2508\" width=\"547\" height=\"365\" srcset=\"http:\/\/societe-histoire-rixheim.fr\/wp-content\/uploads\/2018\/01\/IMG_2508-2.jpg 547w, http:\/\/societe-histoire-rixheim.fr\/wp-content\/uploads\/2018\/01\/IMG_2508-2-300x200.jpg 300w\" sizes=\"(max-width: 547px) 100vw, 547px\" \/><\/a><\/p>\n<p style=\"text-align: justify;\"><a href=\"http:\/\/societe-histoire-rixheim.fr\/wordpress\/wp-content\/uploads\/2018\/01\/IMG_2507-2-e1516366037726.jpg\"><img decoding=\"async\" loading=\"lazy\" class=\"aligncenter size-full wp-image-1881\" src=\"http:\/\/societe-histoire-rixheim.fr\/wordpress\/wp-content\/uploads\/2018\/01\/IMG_2507-2-e1516366037726.jpg\" alt=\"IMG_2507\" width=\"365\" height=\"547\" srcset=\"http:\/\/societe-histoire-rixheim.fr\/wp-content\/uploads\/2018\/01\/IMG_2507-2-e1516366037726.jpg 365w, http:\/\/societe-histoire-rixheim.fr\/wp-content\/uploads\/2018\/01\/IMG_2507-2-e1516366037726-200x300.jpg 200w\" sizes=\"(max-width: 365px) 100vw, 365px\" \/><\/a><\/p>\n<p style=\"text-align: justify;\">Apr\u00e8s le repas, la journ\u00e9e se poursuivit avec la visite de la ville de Haguenau (voir deuxi\u00e8me partie).<\/p>\n<p>&nbsp;<\/p>\n","protected":false},"excerpt":{"rendered":"<p>Le 14 mai 2017, jour de la F\u00eate de Sainte Jeanne d&rsquo;Arc et de la passation de pouvoir entre Fran\u00e7ois Hollande et Emmanuel Macron, eut lieu l&rsquo;excursion annuelle de la Soci\u00e9t\u00e9 d&rsquo;Histoire de Rixheim. Pour cette \u00e9dition 2017, Christian Thoma, &hellip; <a href=\"http:\/\/societe-histoire-rixheim.fr\/?p=1712\">Continue reading <span class=\"meta-nav\">&rarr;<\/span><\/a><\/p>\n","protected":false},"author":2,"featured_media":0,"comment_status":"closed","ping_status":"open","sticky":false,"template":"","format":"standard","meta":{"ngg_post_thumbnail":0},"categories":[5],"tags":[],"_links":{"self":[{"href":"http:\/\/societe-histoire-rixheim.fr\/index.php?rest_route=\/wp\/v2\/posts\/1712"}],"collection":[{"href":"http:\/\/societe-histoire-rixheim.fr\/index.php?rest_route=\/wp\/v2\/posts"}],"about":[{"href":"http:\/\/societe-histoire-rixheim.fr\/index.php?rest_route=\/wp\/v2\/types\/post"}],"author":[{"embeddable":true,"href":"http:\/\/societe-histoire-rixheim.fr\/index.php?rest_route=\/wp\/v2\/users\/2"}],"replies":[{"embeddable":true,"href":"http:\/\/societe-histoire-rixheim.fr\/index.php?rest_route=%2Fwp%2Fv2%2Fcomments&post=1712"}],"version-history":[{"count":22,"href":"http:\/\/societe-histoire-rixheim.fr\/index.php?rest_route=\/wp\/v2\/posts\/1712\/revisions"}],"predecessor-version":[{"id":1892,"href":"http:\/\/societe-histoire-rixheim.fr\/index.php?rest_route=\/wp\/v2\/posts\/1712\/revisions\/1892"}],"wp:attachment":[{"href":"http:\/\/societe-histoire-rixheim.fr\/index.php?rest_route=%2Fwp%2Fv2%2Fmedia&parent=1712"}],"wp:term":[{"taxonomy":"category","embeddable":true,"href":"http:\/\/societe-histoire-rixheim.fr\/index.php?rest_route=%2Fwp%2Fv2%2Fcategories&post=1712"},{"taxonomy":"post_tag","embeddable":true,"href":"http:\/\/societe-histoire-rixheim.fr\/index.php?rest_route=%2Fwp%2Fv2%2Ftags&post=1712"}],"curies":[{"name":"wp","href":"https:\/\/api.w.org\/{rel}","templated":true}]}}